{"id":703,"date":"2021-03-03T12:04:30","date_gmt":"2021-03-03T11:04:30","guid":{"rendered":"https:\/\/armz.niemamweny.eu\/?p=703"},"modified":"2024-01-31T11:29:38","modified_gmt":"2024-01-31T11:29:38","slug":"mowes-ii-malopolski-osrodek-ekonomii-spolecznej","status":"publish","type":"post","link":"https:\/\/armz.pl\/?p=703","title":{"rendered":"MOWES II \u2013 Ma\u0142opolski O\u015brodek Ekonomii Spo\u0142ecznej"},"content":{"rendered":"<section class=\"wpb-content-wrapper\"><p><span style=\"font-size: 12pt;\"><img loading=\"lazy\" decoding=\"async\" class=\"aligncenter wp-image-704 size-full\" title=\"Nag\u0142\u00f3wek z logami: Fundusze Europejskie Program Regionalny, Rzeczpospolita Polska, Ma\u0142opolska, Unia Europejska Europejski Fundusz Spo\u0142eczny\" src=\"https:\/\/armz.pl\/wp-content\/uploads\/2021\/03\/Loga_UE_naglowek.png\" alt=\"Nag\u0142\u00f3wek z logami: Fundusze Europejskie Program Regionalny, Rzeczpospolita Polska, Ma\u0142opolska, Unia Europejska Europejski Fundusz Spo\u0142eczny\" width=\"941\" height=\"82\" srcset=\"https:\/\/armz.pl\/wp-content\/uploads\/2021\/03\/Loga_UE_naglowek.png 941w, https:\/\/armz.pl\/wp-content\/uploads\/2021\/03\/Loga_UE_naglowek-300x26.png 300w, https:\/\/armz.pl\/wp-content\/uploads\/2021\/03\/Loga_UE_naglowek-768x67.png 768w, https:\/\/armz.pl\/wp-content\/uploads\/2021\/03\/Loga_UE_naglowek-260x23.png 260w, https:\/\/armz.pl\/wp-content\/uploads\/2021\/03\/Loga_UE_naglowek-50x4.png 50w, https:\/\/armz.pl\/wp-content\/uploads\/2021\/03\/Loga_UE_naglowek-150x13.png 150w\" sizes=\"auto, (max-width: 941px) 100vw, 941px\" \/><\/span><\/p>\n<p><span style=\"font-size: 12pt;\"><img loading=\"lazy\" decoding=\"async\" class=\"aligncenter wp-image-705 size-full\" title=\"Logo projektu &quot;Ma\u0142opolski O\u015brodek Wsparcia Ekonomii Spo\u0142ecznej&quot;\" src=\"https:\/\/armz.pl\/wp-content\/uploads\/2021\/03\/MOWES_II_logo.jpg\" alt=\"Logo projektu &quot;Ma\u0142opolski O\u015brodek Wsparcia Ekonomii Spo\u0142ecznej&quot;\" width=\"300\" height=\"138\" srcset=\"https:\/\/armz.pl\/wp-content\/uploads\/2021\/03\/MOWES_II_logo.jpg 300w, https:\/\/armz.pl\/wp-content\/uploads\/2021\/03\/MOWES_II_logo-260x120.jpg 260w, https:\/\/armz.pl\/wp-content\/uploads\/2021\/03\/MOWES_II_logo-50x23.jpg 50w, https:\/\/armz.pl\/wp-content\/uploads\/2021\/03\/MOWES_II_logo-150x69.jpg 150w\" sizes=\"auto, (max-width: 300px) 100vw, 300px\" \/><\/span><\/p>\n<div class=\"vc_row wpb_row section vc_row-fluid \">\n<div class=\" full_section_inner clearfix\">\n<div class=\"wpb_column vc_column_container vc_col-sm-12\">\n<div class=\"vc_column-inner\">\n<div class=\"wpb_wrapper\">\n<div class=\"wpb_text_column wpb_content_element \">\n<div class=\"wpb_wrapper\">\n<p><span style=\"font-size: 12pt;\"><em><strong>Ma\u0142opolski O\u015brodek Wsparcia Ekonomii Spo\u0142eczne<\/strong><strong>j<\/strong><\/em>\u00a0prowadzony jest przez partnerstwo sze\u015bciu instytucji\u00a0<em>(Sp\u00f3\u0142dzielnia OPOKA, ARMZ S.A., FGAP, FDRL MISTIA, ZLSP, BIS),<\/em>\u00a0kt\u00f3rego liderem jest Fundacja GAP z Krakowa.<\/span><br \/>\n<span style=\"font-size: 12pt;\">Swoim dzia\u0142aniem obejmuje obszar dw\u00f3ch subregion\u00f3w: Ma\u0142opolska Zachodnia oraz Krakowski Obszar Metropolitalny.<\/span><\/p>\n<\/div>\n<\/div>\n<div class=\"q_list circle normal\">\n<ul>\n<li><span style=\"font-size: 12pt;\">MOWES \u2013\u00a0<strong>Ma\u0142opolska Zachodnia<\/strong>\u00a0\u2013\u00a0<em>powiaty: olkuski, chrzanowski, o\u015bwi\u0119cimski, wadowicki,<\/em><\/span><\/li>\n<li><span style=\"font-size: 12pt;\">MOWES \u2013\u00a0<strong>Krakowski Obszar Metropolitarny<\/strong>\u00a0\u2013\u00a0<em>miasto Krak\u00f3w oraz powiaty: boche\u0144ski, krakowski,\u00a0miechowski, my\u015blenicki, proszowicki i wielicki.<\/em><\/span><\/li>\n<\/ul>\n<\/div>\n<div class=\"wpb_text_column wpb_content_element \">\n<div class=\"wpb_wrapper\">\n<p><span style=\"font-size: 12pt;\">Dzia\u0142alno\u015b\u0107 O\u015brodka jest wsp\u00f3\u0142finansowana ze \u015brodk\u00f3w Europejskiego Funduszu Spo\u0142ecznego w ramach Regionalnego Programu Operacyjnego Wojew\u00f3dztwa Ma\u0142opolskiego na lata 2014-2020 w ramach 9 Osi Priorytetowej Region sp\u00f3jny spo\u0142ecznie, Dzia\u0142anie 9.3 Wsparcie ekonomii spo\u0142ecznej, Typ projektu: A. dzia\u0142ania wspieraj\u0105ce rozw\u00f3j ekonomii spo\u0142ecznej, obejmuj\u0105ce us\u0142ugi: animacji lokalnej, rozwoju ekonomii spo\u0142ecznej oraz wsparcia istniej\u0105cych podmiot\u00f3w ekonomii spo\u0142ecznej.<\/span><\/p>\n<\/div>\n<\/div>\n<div class=\"wpb_text_column wpb_content_element vc_custom_1562758343224\">\n<div class=\"wpb_wrapper\">\n<p><span style=\"font-size: 12pt;\"><strong>Cel partnerstwa:<\/strong><\/span><\/p>\n<\/div>\n<\/div>\n<div class=\"wpb_text_column wpb_content_element \">\n<div class=\"wpb_wrapper\">\n<p><span style=\"font-size: 12pt;\"><strong>Celem Partnerstwa (a tym samym projekt\u00f3w) jest zwi\u0119kszenie potencja\u0142u, w szczeg\u00f3lno\u015bci zatrudnieniowego, sektora ekonomii spo\u0142ecznej w Krakowskim Obszarze Metropolitalnym oraz Ma\u0142opolsce Zachodniej poprzez:<\/strong><\/span><\/p>\n<\/div>\n<\/div>\n<div class=\"q_list circle normal\">\n<ul>\n<li><span style=\"font-size: 12pt;\">zwi\u0119kszenie aktywno\u015bci mieszka\u0144c\u00f3w i grup inicjatywnych na rzecz rozwoju ekonomii spo\u0142ecznej,<\/span><\/li>\n<li><span style=\"font-size: 12pt;\">zwi\u0119kszenie liczby podmiot\u00f3w ekonomii spo\u0142ecznej poprzez utworzenie nowych podmiot\u00f3w,<\/span><\/li>\n<li><span style=\"font-size: 12pt;\">zwi\u0119kszenia zaanga\u017cowania partner\u00f3w publicznych (instytucji rynku pracy i pomocy spo\u0142ecznej) oraz przedsi\u0119biorc\u00f3w w rozw\u00f3j sektora ekonomii spo\u0142ecznej,<\/span><\/li>\n<li><span style=\"font-size: 12pt;\">zwi\u0119kszenie poziomu zatrudnienia w sektorze poprzez utworzenie nowych miejsc pracy,<\/span><\/li>\n<li><span style=\"font-size: 12pt;\">zwi\u0119kszenie liczby przedsi\u0119biorstw spo\u0142ecznych poprzez utworzenie nowych podmiot\u00f3w,<\/span><\/li>\n<li><span style=\"font-size: 12pt;\">zwi\u0119kszenie potencja\u0142u kadrowego, organizacyjnego i finansowego podmiot\u00f3w ekonomii spo\u0142ecznej i przedsi\u0119biorstw spo\u0142ecznych oraz os\u00f3b z nimi wsp\u00f3\u0142pracuj\u0105cych.<\/span><\/li>\n<\/ul>\n<\/div>\n<div class=\"wpb_text_column wpb_content_element vc_custom_1580397598314\">\n<div class=\"wpb_wrapper\">\n<p><span style=\"font-size: 12pt;\"><strong>W ramach projektu oferujemy:<\/strong><\/span><\/p>\n<\/div>\n<\/div>\n<div class=\"wpb_text_column wpb_content_element \">\n<div class=\"wpb_wrapper\">\n<p><span style=\"font-size: 12pt;\"><strong>w zakresie us\u0142ug animacji lokalnej:<\/strong><\/span><\/p>\n<\/div>\n<\/div>\n<div class=\"q_list circle normal\">\n<ul>\n<li><span style=\"font-size: 12pt;\">spo\u0142eczno\u015b\u0107 lokalna,<\/span><\/li>\n<li><span style=\"font-size: 12pt;\">jednostki samorz\u0105du terytorialnego,<\/span><\/li>\n<li><span style=\"font-size: 12pt;\">instytucje rynku pracy oraz pomocy i integracji spo\u0142ecznej,<\/span><\/li>\n<li><span style=\"font-size: 12pt;\">przedsi\u0119biorcy,<\/span><\/li>\n<li><span style=\"font-size: 12pt;\">podmioty ekonomii spo\u0142ecznej;<\/span><\/li>\n<\/ul>\n<\/div>\n<div class=\"wpb_text_column wpb_content_element \">\n<div class=\"wpb_wrapper\">\n<p><span style=\"font-size: 12pt;\"><strong>w zakresie us\u0142ug rozwoju ekonomii spo\u0142ecznej:<\/strong><\/span><\/p>\n<\/div>\n<\/div>\n<div class=\"q_list circle normal\">\n<ul>\n<li><span style=\"font-size: 12pt;\">osoby fizyczne zainteresowane za\u0142o\u017ceniem i\/lub prowadzeniem dzia\u0142alno\u015bci i\/lub prac\u0105 w przedsi\u0119biorstwie spo\u0142ecznym,<\/span><\/li>\n<li><span style=\"font-size: 12pt;\">podmioty zainteresowane za\u0142o\u017ceniem i\/lub prowadzeniem dzia\u0142alno\u015bci w formie przedsi\u0119biorstwa spo\u0142ecznego,<\/span><\/li>\n<li><span style=\"font-size: 12pt;\">przedsi\u0119biorstwa spo\u0142eczne;<\/span><\/li>\n<\/ul>\n<\/div>\n<div class=\"wpb_text_column wpb_content_element \">\n<div class=\"wpb_wrapper\">\n<p><span style=\"font-size: 12pt;\"><strong>w zakresie us\u0142ug wsparcia istniej\u0105cych podmiot\u00f3w ekonomii spo\u0142ecznej:<\/strong><\/span><\/p>\n<\/div>\n<\/div>\n<div class=\"q_list circle normal\">\n<ul>\n<li><span style=\"font-size: 12pt;\">podmioty ekonomii spo\u0142ecznej.<\/span><\/li>\n<\/ul>\n<\/div>\n<div class=\"wpb_text_column wpb_content_element vc_custom_1580397510125\">\n<div class=\"wpb_wrapper\">\n<p><span style=\"font-size: 12pt;\"><strong>Punkty coworkingu spo\u0142ecznego:<\/strong><\/span><\/p>\n<\/div>\n<\/div>\n<div class=\"wpb_text_column wpb_content_element \">\n<div class=\"wpb_wrapper\">\n<p><span style=\"font-size: 12pt;\">W ramach projektu Ma\u0142opolskiego O\u015brodka Wsparcia Ekonomii Spo\u0142ecznej na terenie Krakowskiego Obszaru Metropolitalnego i Ma\u0142opolski Zachodniej dzia\u0142aj\u0105 3\u00a0<em><strong>Punkty Coworkingu Spo\u0142ecznego<\/strong><\/em> gwarantuj\u0105ce Pa\u0144stwu zar\u00f3wno fachow\u0105 pomoc naszych specjalist\u00f3w, jak i przestrze\u0144 do pracy nad inicjatywami (pomys\u0142ami) z zakresu ekonomii spo\u0142ecznej.<\/span><\/p>\n<\/div>\n<\/div>\n<div class=\"q_list circle normal\">\n<ul>\n<li><span style=\"font-size: 12pt;\"><strong>Olkusz<\/strong>, ul. \u017buradzka 3B, tel.: 32\u00a0307 02 67<\/span><\/li>\n<li><span style=\"font-size: 12pt;\"><strong>Chrzan\u00f3w<\/strong>, ul. Grunwaldzka 5 (III pi\u0119tro), tel.: 32 645 19 68<\/span><\/li>\n<li><span style=\"font-size: 12pt;\"><strong>Krak\u00f3w<\/strong>, ul. Szlak 65, tel.: 669 326 003<\/span><\/li>\n<\/ul>\n<\/div>\n<div class=\"wpb_text_column wpb_content_element \">\n<div class=\"wpb_wrapper\">\n<p><span style=\"font-size: 12pt;\">Regulamin Punktu Coworkingu Spo\u0142ecznego w Chrzanowie \u2013 <strong><a href=\"https:\/\/armz.pl\/wp-content\/uploads\/2021\/03\/MOWES_II_Regulamin_PCS_MZ_2019-ARMZ.pdf\" target=\"_blank\" rel=\"noopener\">POBIERZ<\/a><\/strong><\/span><\/p>\n<\/div>\n<\/div>\n<div class=\"wpb_text_column wpb_content_element vc_custom_1580065865741\">\n<div class=\"wpb_wrapper\">\n<p><span style=\"font-size: 12pt;\"><strong>Dotacje:<\/strong><\/span><\/p>\n<\/div>\n<\/div>\n<div class=\"wpb_text_column wpb_content_element \">\n<div class=\"wpb_wrapper\">\n<p><span style=\"font-size: 12pt;\">Wszystkie informacje dotycz\u0105ce aktualnie prowadzonych nabor\u00f3w na utworzenie miejsc pracy w przedsi\u0119biorstwach spo\u0142ecznych publikowane s\u0105 na stronie:<\/span><\/p>\n<ul>\n<li><span style=\"font-size: 12pt;\"><a href=\"http:\/\/es.malopolska.pl\/owesy\/subregion-krakowski\/\" target=\"_blank\" rel=\"noopener\">http:\/\/es.malopolska.pl\/owesy\/subregion-krakowski\/<\/a><\/span><\/li>\n<li><span style=\"font-size: 12pt;\"><a href=\"http:\/\/es.malopolska.pl\/owesy\/subregion-zachodni\/\" target=\"_blank\" rel=\"noopener\">http:\/\/es.malopolska.pl\/owesy\/subregion-zachodni\/<\/a><\/span><\/li>\n<\/ul>\n<\/div>\n<\/div>\n<div class=\"wpb_text_column wpb_content_element vc_custom_1580065891436\">\n<div class=\"wpb_wrapper\">\n<p><span style=\"font-size: 12pt;\"><strong>Dokumenty do pobrania:<\/strong><\/span><\/p>\n<\/div>\n<\/div>\n<div class=\"wpb_text_column wpb_content_element \">\n<div class=\"wpb_wrapper\">\n<ul>\n<li><span style=\"font-size: 12pt;\">Regulamin przyznawania \u015brodk\u00f3w finansowych na utworzenie miejsc pracy w przedsi\u0119biorstwie spo\u0142ecznym oraz udzielania wsparcia pomostowego MZ \u2013 <strong><a href=\"https:\/\/armz.pl\/wp-content\/uploads\/2021\/03\/MOWES_II_1_Regulamin_Zal_17_do-Regulaminu_konkursu-MZ-ver-2.pdf\" target=\"_blank\" rel=\"noopener\">POBIERZ<\/a><\/strong><\/span><\/li>\n<li><span style=\"font-size: 12pt;\">Regulamin przyznawania \u015brodk\u00f3w finansowych na utworzenie miejsc pracy w przedsi\u0119biorstwie spo\u0142ecznym oraz udzielania wsparcia pomostowego KOM \u2013 <strong><a href=\"https:\/\/armz.pl\/wp-content\/uploads\/2021\/03\/MOWES_II_1_Regulamin_Zal_17_do-Regulaminu_konkursu-KOM_ver1.pdf\" target=\"_blank\" rel=\"noopener\">POBIERZ<\/a><\/strong><\/span><\/li>\n<li><span style=\"font-size: 12pt;\">Regulamin udzielania wsparcia finansowego w ramach programu grantowego w projekcie MOWES2 MZ \u2013 <strong><a href=\"https:\/\/armz.pl\/wp-content\/uploads\/2021\/03\/MOWES_II_REGULAMIN-UDZIELANIA-WSPARCIA-FINANSOWEGO-W-RAMACH-PROGRAMU-GRANTOWEGO-MZ.pdf\" target=\"_blank\" rel=\"noopener\">POBIERZ<\/a><\/strong><\/span><\/li>\n<li><span style=\"font-size: 12pt;\">Regulamin udzielania wsparcia finansowego w ramach programu grantowego w projekcie MOWES2 KOM \u2013 <strong><a href=\"https:\/\/armz.pl\/wp-content\/uploads\/2021\/03\/MOWES_II_REGULAMIN-UDZIELANIA-WSPARCIA-FINANSOWEGO-W-RAMACH-PROGRAMU-GRANTOWEGO-KOM.pdf\" target=\"_blank\" rel=\"noopener\">POBIERZ<\/a><\/strong><\/span><\/li>\n<\/ul>\n<\/div>\n<\/div>\n<\/div>\n<\/div>\n<\/div>\n<\/div>\n<\/div>\n<div class=\"vc_row wpb_row section vc_row-fluid vc_custom_1562758401568\">\n<div class=\" full_section_inner clearfix\">\n<div class=\"wpb_column vc_column_container vc_col-sm-12\">\n<div class=\"vc_column-inner\">\n<div class=\"wpb_wrapper\">\n<div class=\"wpb_text_column wpb_content_element vc_custom_1580397587121\">\n<div class=\"wpb_wrapper\">\n<p><span style=\"font-size: 12pt;\"><strong>Pracownicy O\u015brodka Wsparcia Ekonomii Spo\u0142ecznej ARMZ:<\/strong><\/span><\/p>\n<\/div>\n<\/div>\n<div class=\"q_list circle\">\n<p><span style=\"font-size: 12pt;\"><u>Pracownicy MOWES dost\u0119pni s\u0105 codziennie od poniedzia\u0142ku do pi\u0105tku w godz.: 08.00 \u2013 16.00.<\/u><\/span><\/p>\n<ul>\n<li><span style=\"font-size: 12pt;\"><b>Kariona Zastawnik<\/b>\u00a0\u2013\u00a0<i>Opiekun klienta ds. dotacji i wsparcia pomostowego finansowego w projekcie MOWES2 MZ i Opiekun klienta ds. grant\u00f3w w projekcie MOWES2 MZ \u2013\u00a0<a href=\"mailto:k.zastawnik@armz.pl\">k.zastawnik@armz.pl<\/a><br \/>\n<\/i><\/span><\/li>\n<li><span style=\"font-size: 12pt;\"><b>Edyta Pa\u0142ucha<\/b>\u00a0\u2013\u00a0<i>Opiekun klienta ds. dotacji i wsparcia pomostowego finansowego w projekcie MOWES2 MZ \u2013\u00a0<a href=\"mailto:e.palucha@armz.pl\">e.palucha@armz.pl<\/a><br \/>\n<\/i><\/span><\/li>\n<li><span style=\"font-size: 12pt;\"><b>Sylwia Wr\u00f3bel<\/b>\u00a0\u2013\u00a0<i>Opiekun klienta ds. grant\u00f3w w projekcie MOWES2 MZ \u2013\u00a0<a href=\"mailto:s.wrobel@armz.pl\">s.wrobel@armz.pl<\/a><br \/>\n<\/i><\/span><\/li>\n<li><span style=\"font-size: 12pt;\"><b>Katarzyna Oczkowska\u00a0<\/b>\u2013\u00a0<em>Doradca Pierwszego Wsparcia w Punkcie Coworkingu Spo\u0142ecznego w projekcie MOWES2 MZ i Opiekun klienta ds. grant\u00f3w w projekcie MOWES2 KOM-\u00a0<a href=\"mailto:k.oczkowska@armz.pl\">k.oczkowska@armz.pl<\/a><\/em><\/span><\/li>\n<li><span style=\"font-size: 12pt;\"><em><strong>Marta Bebak<\/strong><\/em>\u00a0\u2013 Opiekun klienta ds. dotacji i wsparcia pomostowego finansowego w projekcie MOWES2 KOM \u2013\u00a0<a href=\"mailto:m.bebak@armz.pl\">m.bebak@armz.pl<\/a><\/span><\/li>\n<li><span style=\"font-size: 12pt;\"><em><strong>Ma\u0142gorzata Bal<\/strong>\u00a0<\/em>\u2013 Opiekun klienta ds. dotacji i wsparcia pomostowego finansowego w projekcie MOWES2 KOM \u2013\u00a0<a href=\"mailto:m.bal@armz.pl\">m.bal@armz.pl<\/a><\/span><\/li>\n<li><span style=\"font-size: 12pt;\"><em><strong>Edyta Solecka<\/strong><\/em>\u00a0\u2013 Opiekun klienta ds. dotacji i wsparcia pomostowego finansowego w projekcie MOWES2 KOM i Opiekun klienta ds. grant\u00f3w w projekcie MOWES2 KOM \u2013\u00a0<a href=\"mailto:e.solecka@armz.pl\">e.solecka@armz.pl<\/a><\/span><\/li>\n<li><span style=\"font-size: 12pt;\"><em><strong>Klaudia Szlachcic<\/strong><\/em>\u00a0\u2013 Opiekun klienta ds. grant\u00f3w w projekcie MOWES2 KOM \u2013\u00a0<a href=\"mailto:k.szlachcic@armz.pl\">k.szlachcic@armz.pl<\/a><\/span><\/li>\n<\/ul>\n<\/div>\n<div class=\"wpb_text_column wpb_content_element vc_custom_1580397700093\">\n<div class=\"wpb_wrapper\">\n<p><span style=\"font-size: 12pt;\"><strong>Kontakt:<\/strong><\/span><\/p>\n<\/div>\n<\/div>\n<div class=\"wpb_text_column wpb_content_element \">\n<div class=\"wpb_wrapper\">\n<p><span style=\"font-size: 12pt;\"><b>Telefon:<\/b><\/span><\/p>\n<ul>\n<li><span style=\"font-size: 12pt;\">32 645 16 68<\/span><\/li>\n<li><span style=\"font-size: 12pt;\">697 089 224<\/span><\/li>\n<li><span style=\"font-size: 12pt;\">508 448 987<\/span><\/li>\n<\/ul>\n<p><span style=\"font-size: 12pt;\">Wszelkie informacje dotycz\u0105ce oferty MOWES mo\u017cna znale\u017a\u0107 na stronie:\u00a0 <a href=\"http:\/\/www.es.malopolska.pl\/\" target=\"_blank\" rel=\"noopener\"><b>WWW.ES.MALOPOLSKA.PL<\/b><\/a><\/span><\/p>\n<\/div>\n<\/div>\n<div class=\"wpb_text_column wpb_content_element \">\n<div class=\"wpb_wrapper\">\n<p align=\"justify\"><span style=\"font-size: 12pt;\">Partnerstwo uzyska\u0142o status O\u015brodka Wsparcia Ekonomii Spo\u0142ecznej Wysokiej Jako\u015bci przyznany przez Ministra Rodziny, Pracy i Polityki Spo\u0142ecznej w dniu 3 marca 2016 r. Dzia\u0142ania MOWES s\u0105 realizowane w zgodzie ze standardami uj\u0119tymi w\u00a0rekomendacjach Ministra Pracy i Polityki Spo\u0142ecznej w zakresie standard\u00f3w dzia\u0142ania O\u015brodk\u00f3w Wsparcia Ekonomii Spo\u0142ecznej przyj\u0119tych przez\u00a0<em>Komitet Akredytacyjny do spraw systemu akredytacji oraz standard\u00f3w us\u0142ug i dzia\u0142ania o\u015brodk\u00f3w wsparcia ekonomii spo\u0142ecznej<\/em>, w uchwale nr 3 z dnia 22 wrze\u015bnia 2014 r.\u00a0<em>w sprawie opinii Komitetu dotycz\u0105cej zakresu standard\u00f3w us\u0142ug i dzia\u0142ania O\u015brodk\u00f3w Wsparcia Ekonomii Spo\u0142ecznej w ramach systemu akredytacji i standard\u00f3w dzia\u0142ania instytucji wsparcia ekonomii spo\u0142ecznej AKSES\u00a0<\/em>i zatwierdzonych przez ministra w\u0142a\u015bciwego ds. zabezpieczenia spo\u0142ecznego w dniu 1 pa\u017adziernika 2014 r.<\/span><\/p>\n<ul>\n<li><span style=\"font-size: 12pt;\"><a href=\"https:\/\/mistia.org.pl\/static\/upload\/store\/Krakow\/Projektowe\/standardy_OWES.pdf\" target=\"_blank\" rel=\"noopener\">Standardy O\u015brodk\u00f3w Wsparcia Ekonomii Spo\u0142ecznej<\/a><\/span><\/li>\n<\/ul>\n<p><span style=\"font-size: 12pt;\">W\u00a0razie problem\u00f3w lub w\u0105tpliwo\u015bci zwi\u0105zanych z\u00a0funkcjonowaniem akredytowanego O\u015brodka Wsparcia Ekonomii Spo\u0142ecznej prosimy o\u00a0kontakt z\u00a0Departamentem Ekonomii Spo\u0142ecznej i\u00a0Solidarnej w\u00a0Ministerstwie Rodziny, Pracy i\u00a0Polityki Spo\u0142ecznej pod adresem:\u00a0<a href=\"mailto:kontakt.akses@mrpips.gov.pl\">kontakt.akses@mrpips.gov.pl<\/a><\/span><\/p>\n<p><span style=\"font-size: 12pt;\">Zale\u017cy nam na utrzymaniu wysokich standard\u00f3w i\u00a0konstruktywnej opinii dotycz\u0105cej naszych dzia\u0142a\u0144.<\/span><\/p>\n<p><span style=\"font-size: 12pt;\">Zach\u0119camy do zapoznania si\u0119 z list\u0105 Przedsi\u0119biorstw Spo\u0142ecznych<\/span><\/p>\n<ul>\n<li><span style=\"font-size: 12pt;\"><a href=\"http:\/\/www.bazaps.ekonomiaspoleczna.gov.pl\/\" target=\"_blank\" rel=\"noopener\">Aktualna baza Przedsi\u0119biorstw spo\u0142ecznych<\/a><\/span><\/li>\n<\/ul>\n<\/div>\n<\/div>\n<div class=\"wpb_text_column wpb_content_element \">\n<div class=\"wpb_wrapper\">\n<p><span style=\"font-size: 12pt;\">Poni\u017cej do pobrania uproszczone sprawozdania merytoryczne i finansowe z dzia\u0142alno\u015bci projektu:<\/span><\/p>\n<\/div>\n<\/div>\n<div class=\"q_list circle\">\n<ul>\n<li><span style=\"font-size: 12pt;\">2012 r. &#8211; <strong><a href=\"https:\/\/armz.pl\/wp-content\/uploads\/2021\/03\/MOWES_II_2012_Sprawozdanie_merytoryczne_i_finansowe_z_dzialalnosci_projektu_MOWES.pdf\" target=\"_blank\" rel=\"noopener\">POBIERZ<\/a><\/strong><\/span><\/li>\n<li><span style=\"font-size: 12pt;\">2013 r. &#8211; <strong><a href=\"https:\/\/armz.pl\/wp-content\/uploads\/2021\/03\/MOWES_II_2013_Sprawozdanie_merytoryczne_i_finansowe_z_dzialalnosci_projektu_MOWES.pdf\" target=\"_blank\" rel=\"noopener\">POBIERZ<\/a><\/strong><\/span><\/li>\n<li><span style=\"font-size: 12pt;\">2014 r. &#8211; <strong><a href=\"https:\/\/armz.pl\/wp-content\/uploads\/2021\/03\/MOWES_II_2014_Sprawozdanie_merytoryczne_i_finansowe_z_dzialalnosci_projektu_MOWES.pdf\" target=\"_blank\" rel=\"noopener\">POBIERZ<\/a><\/strong><\/span><\/li>\n<li><span style=\"font-size: 12pt;\">2015 r. &#8211; <strong><a href=\"https:\/\/armz.pl\/wp-content\/uploads\/2021\/03\/MOWES_II_2015_Sprawozdanie_merytoryczne_i_finansowe_z_dzialalnosci_projektu_MOWES.pdf\" target=\"_blank\" rel=\"noopener\">POBIERZ<\/a><\/strong><\/span><\/li>\n<li><span style=\"font-size: 12pt;\">2016 r. &#8211; <strong><a href=\"https:\/\/armz.pl\/wp-content\/uploads\/2021\/03\/MOWES_II_2016_Sprawozdanie_merytoryczne_i_finansowe_z_dzialalnosci_projektu_MOWES.pdf\" target=\"_blank\" rel=\"noopener\">POBIERZ<\/a><\/strong><\/span><\/li>\n<li><span style=\"font-size: 12pt;\">2017 r. &#8211; <strong><a href=\"https:\/\/armz.pl\/wp-content\/uploads\/2021\/03\/MOWES_II_2017_Sprawozdanie_merytoryczne_i_finansowe_z_dzialalnosci_projektu_MOWES.pdf\" target=\"_blank\" rel=\"noopener\">POBIERZ<\/a><\/strong><\/span><\/li>\n<li><span style=\"font-size: 12pt;\">2018 r. &#8211; <strong><a href=\"https:\/\/armz.pl\/wp-content\/uploads\/2021\/03\/MOWES_II_2018_Sprawozdanie_merytoryczne_i_finansowe_z_dzialalnosci_projektu_MOWES.pdf\" target=\"_blank\" rel=\"noopener\">POBIERZ<\/a><\/strong><\/span><\/li>\n<li><span style=\"font-size: 12pt;\">2019 r. &#8211; <strong><a href=\"https:\/\/armz.pl\/wp-content\/uploads\/2021\/03\/MOWES_II_2019_Sprawozdanie_merytoryczne_i_finansowe_z_dzialalnosci_projektu_MOWES.pdf\" target=\"_blank\" rel=\"noopener\">POBIERZ<\/a><\/strong><\/span><\/li>\n<\/ul>\n<\/div>\n<\/div>\n<\/div>\n<\/div>\n<\/div>\n<\/div>\n<\/section>","protected":false},"excerpt":{"rendered":"<p>Ma\u0142opolski O\u015brodek Wsparcia Ekonomii Spo\u0142ecznej\u00a0prowadzony jest przez partnerstwo sze\u015bciu instytucji\u00a0(Sp\u00f3\u0142dzielnia OPOKA, ARMZ S.A., FGAP, FDRL MISTIA,<\/p>\n","protected":false},"author":2,"featured_media":0,"comment_status":"open","ping_status":"open","sticky":false,"template":"","format":"standard","meta":{"footnotes":""},"categories":[6],"tags":[],"class_list":["post-703","post","type-post","status-publish","format-standard","hentry","category-projekty-zrealizowane"],"_links":{"self":[{"href":"https:\/\/armz.pl\/index.php?rest_route=\/wp\/v2\/posts\/703","targetHints":{"allow":["GET"]}}],"collection":[{"href":"https:\/\/armz.pl\/index.php?rest_route=\/wp\/v2\/posts"}],"about":[{"href":"https:\/\/armz.pl\/index.php?rest_route=\/wp\/v2\/types\/post"}],"author":[{"embeddable":true,"href":"https:\/\/armz.pl\/index.php?rest_route=\/wp\/v2\/users\/2"}],"replies":[{"embeddable":true,"href":"https:\/\/armz.pl\/index.php?rest_route=%2Fwp%2Fv2%2Fcomments&post=703"}],"version-history":[{"count":6,"href":"https:\/\/armz.pl\/index.php?rest_route=\/wp\/v2\/posts\/703\/revisions"}],"predecessor-version":[{"id":2709,"href":"https:\/\/armz.pl\/index.php?rest_route=\/wp\/v2\/posts\/703\/revisions\/2709"}],"wp:attachment":[{"href":"https:\/\/armz.pl\/index.php?rest_route=%2Fwp%2Fv2%2Fmedia&parent=703"}],"wp:term":[{"taxonomy":"category","embeddable":true,"href":"https:\/\/armz.pl\/index.php?rest_route=%2Fwp%2Fv2%2Fcategories&post=703"},{"taxonomy":"post_tag","embeddable":true,"href":"https:\/\/armz.pl\/index.php?rest_route=%2Fwp%2Fv2%2Ftags&post=703"}],"curies":[{"name":"wp","href":"https:\/\/api.w.org\/{rel}","templated":true}]}}