{"id":658,"date":"2021-03-02T14:32:25","date_gmt":"2021-03-02T13:32:25","guid":{"rendered":"https:\/\/armz.niemamweny.eu\/?p=658"},"modified":"2024-03-25T07:27:55","modified_gmt":"2024-03-25T07:27:55","slug":"realizacja-kompleksowego-projektu-obejmujacego-wsparcie-malopolskiej-branzy-kreatywnej-i-ict-na-rynkach-miedzynarodowych-oraz-wsparcie-jst-w-pozyskiwaniu-inwestorow","status":"publish","type":"post","link":"https:\/\/armz.pl\/?p=658","title":{"rendered":"Realizacja kompleksowego projektu obejmuj\u0105cego wsparcie ma\u0142opolskiej bran\u017cy kreatywnej i ICT na rynkach mi\u0119dzynarodowych, oraz wsparcie JST w pozyskiwaniu inwestor\u00f3w"},"content":{"rendered":"<p>&nbsp;<\/p>\n<p><a href=\"https:\/\/armz.pl\/?attachment_id=1963\" rel=\"attachment wp-att-1963\"><img loading=\"lazy\" decoding=\"async\" class=\"aligncenter wp-image-1963 size-large\" title=\"Nag\u0142\u00f3wek z logami: Fundusze Europejskie Program Regionalny, Rzeczpospolita Polska, Ma\u0142opolska, Unia Europejska Europejski Rozwoju Regionalnego\" src=\"https:\/\/armz.pl\/wp-content\/uploads\/2021\/03\/Naglowek-1024x64.png\" alt=\"Nag\u0142\u00f3wek z logami: Fundusze Europejskie Program Regionalny, Rzeczpospolita Polska, Ma\u0142opolska, Unia Europejska Europejski Rozwoju Regionalnego\" width=\"1024\" height=\"64\" srcset=\"https:\/\/armz.pl\/wp-content\/uploads\/2021\/03\/Naglowek-1024x64.png 1024w, https:\/\/armz.pl\/wp-content\/uploads\/2021\/03\/Naglowek-300x19.png 300w, https:\/\/armz.pl\/wp-content\/uploads\/2021\/03\/Naglowek-768x48.png 768w, https:\/\/armz.pl\/wp-content\/uploads\/2021\/03\/Naglowek-1536x95.png 1536w, https:\/\/armz.pl\/wp-content\/uploads\/2021\/03\/Naglowek-2048x127.png 2048w, https:\/\/armz.pl\/wp-content\/uploads\/2021\/03\/Naglowek-260x16.png 260w, https:\/\/armz.pl\/wp-content\/uploads\/2021\/03\/Naglowek-50x3.png 50w, https:\/\/armz.pl\/wp-content\/uploads\/2021\/03\/Naglowek-150x9.png 150w\" sizes=\"auto, (max-width: 1024px) 100vw, 1024px\" \/><\/a><\/p>\n<p style=\"text-align: center;\"><span style=\"text-decoration: underline;\"><strong><span style=\"font-size: 18pt;\"><a href=\"https:\/\/armz.pl\/?page_id=1501\">Nab\u00f3r dla Jednostek Samorz\u0105du Terytorialnego<\/a><\/span><\/strong><\/span><\/p>\n<p>&nbsp;<\/p>\n<p style=\"text-align: center;\"><span style=\"font-size: 12pt;\"><strong>Projekt wsp\u00f3\u0142finansowany w ramach Europejskiego Funduszu Rozwoju Regionalnego.<\/strong><\/span><\/p>\n<p><span style=\"font-size: 12pt;\">Celami g\u0142\u00f3wnymi projektu s\u0105: rozw\u00f3j gospodarczy wojew\u00f3dztwa ma\u0142opolskiego oraz wsparcie ma\u0142opolskich M\u015aP w ekspansji na rynki zagraniczne.<\/span><\/p>\n<p><span style=\"font-size: 12pt;\">Pierwszy z wskazanych cel\u00f3w zostanie osi\u0105gni\u0119ty poprzez szereg dzia\u0142a\u0144 realizowanych w ramach projektu, w\u015br\u00f3d kt\u00f3rym wymieni\u0107 nale\u017cy w szczeg\u00f3lno\u015bci:<\/span><\/p>\n<ul>\n<li><span style=\"font-size: 12pt;\">udzia\u0142 5 przedstawicieli JST w targach gospodarczych Expo Real 2021 w Monachium<\/span><\/li>\n<li><span style=\"font-size: 12pt;\">uruchomienie strony internetowej zawieraj\u0105cej informacje o terenach inwestycyjnych zlokalizowanych w woj. Ma\u0142opolskim \u2013 strona dost\u0119pna b\u0119dzie w trzech wersjach j\u0119zykowych<\/span><\/li>\n<li><span style=\"font-size: 12pt;\">przeprowadzenie kampanii reklamowej w mediach spo\u0142eczno\u015bciowych, telewizji oraz magazynach bran\u017cowych.<\/span><\/li>\n<\/ul>\n<p><span style=\"font-size: 12pt;\">Zrealizowanie wy\u017cej wymienionych dzia\u0142a\u0144 pozwoli na rozpowszechnienie zar\u00f3wno w kraju jak i za granic\u0105 oferty inwestycyjnej wojew\u00f3dztwa Ma\u0142opolskiego oraz przyczyni si\u0119 do promocji za rynku krajowym jak i na rynkach zagranicznych teren\u00f3w gospodarczych wojew\u00f3dztwa Ma\u0142opolskiego.<\/span><\/p>\n<p><span style=\"font-size: 12pt;\">Drugi z cel\u00f3w zostanie osi\u0105gni\u0119ty poprzez udzia\u0142 przedsi\u0119biorc\u00f3w z sektora M\u015aP z\u00a0terenu wojew\u00f3dztwa Ma\u0142opolskiego w gospodarczych targach mi\u0119dzynarodowych w charakterze wystawcy\/uczestnika. Udzia\u0142 w targach poprzedzony b\u0119dzie udzia\u0142em uczestnik\u00f3w projektu w warsztatach kulturowych, szkoleniach dot. eksportu, doradztwie m.in. w zakresie tworzenia strategii ekspansji. Ponadto planuje si\u0119 sparowanie przedsi\u0119biorc\u00f3w z przedstawicielami sektora nauki co pozwoli na wygenerowania szeregu pozytywnych czynnik\u00f3w wynikaj\u0105cych z takiej wsp\u00f3\u0142pracy, ale r\u00f3wnie\u017c pozwoli na wzmocnienie efektywno\u015bci uczestnictwa ka\u017cdego z przedsi\u0119biorc\u00f3w w organizowanych misjach gospodarczych.<\/span><\/p>\n<p><span style=\"font-size: 12pt;\">W ramach projektu firmy b\u0119d\u0105 mog\u0142y zwi\u0119kszy\u0107 liczb\u0119 swoich kontrahent\u00f3w zagranicznych lub rozpocz\u0105\u0107 dzia\u0142alno\u015b\u0107 eksportow\u0105, zyska\u0107 nowe zlecenia, zdoby\u0107 nowe kontakty biznesowe, zyska\u0107 do\u015bwiadczenie poprzez uczestnictwo w targach bran\u017cowych, pozna\u0107 zwyczaje obowi\u0105zuj\u0105ce na rynkach azjatyckich oraz zdoby\u0107 wiedz\u0119 na temat oferty przedsi\u0119biorstw o podobnym profilu dzia\u0142alno\u015bci w innych pa\u0144stwach.<\/span><\/p>\n<p><span style=\"font-size: 12pt;\">Na ka\u017cdych targach oferujemy pokrycie koszt\u00f3w podr\u00f3\u017cy, bilet\u00f3w wst\u0119pu na targi, profesjonalnie zabudowan\u0105 powierzchni\u0119 wystawiennicz\u0105, mo\u017cliwo\u015b\u0107 promocji firmy na wydarzeniach targowych, us\u0142ugi t\u0142umacza, organizacj\u0119 spotka\u0144 B2B z\u00a0potencjalnymi inwestorami.<\/span><\/p>\n<p><span style=\"font-size: 12pt;\">Wszystkie dzia\u0142ania realizowane s\u0105 w ramach projektu\u00a0<strong>\u201e<\/strong><strong><em>Realizacja kompleksowego projektu obejmuj\u0105cego wsparcie ma\u0142opolskiej bran\u017cy kreatywnej i ICT na rynkach mi\u0119dzynarodowych, oraz wsparcie JST w pozyskiwaniu inwestor\u00f3w.<\/em><\/strong><strong>\u201d\u00a0<\/strong>ze \u015brodk\u00f3w Regionalnego Programu Operacyjnego Wojew\u00f3dztwa Ma\u0142opolskiego 2014-2020, O\u015b priorytetowa 3 Przedsi\u0119biorcza Ma\u0142opolska, Dzia\u0142anie 3.3 Umi\u0119dzynarodowienie ma\u0142opolskiej gospodarki, Poddzia\u0142anie 3.3.1 Promocja Gospodarcza Ma\u0142opolski.<\/span><\/p>\n<p><span style=\"font-size: 12pt;\">Kwota dofinansowania: 5 629 016,85 z\u0142otych.<\/span><\/p>\n<p><span style=\"font-size: 12pt;\">Termin realizacji projektu: 01.01.2021 r. \u2013 31.12.2022 r.<\/span><\/p>\n<p><span style=\"font-size: 12pt;\"><strong>Lider projektu:<\/strong><\/span><\/p>\n<ul>\n<li><span style=\"font-size: 12pt;\"><strong>AGENCJA ROZWOJU MA\u0141OPOLSKI ZACHODNIEJ<\/strong><\/span><br \/>\n<span style=\"font-size: 12pt;\">32-500 Chrzan\u00f3w<\/span><br \/>\n<span style=\"font-size: 12pt;\">ul. Grunwaldzka 5<\/span><br \/>\n<span style=\"font-size: 12pt;\"><strong>tel.: 32\u00a0645-19-68<\/strong><\/span><br \/>\n<span style=\"font-size: 12pt;\">e-mail: biuro@armz.pl<\/span><br \/>\n<span style=\"font-size: 12pt;\"><a href=\"https:\/\/armz.pl\/\"><strong>www.armz.pl<\/strong><\/a><\/span><\/li>\n<\/ul>\n<p><span style=\"font-size: 12pt;\"><strong>Partnerzy projektu:<\/strong><\/span><\/p>\n<ul>\n<li><span style=\"font-size: 12pt;\"><strong>Chrzanowska Izba Gospodarcza<\/strong><\/span><br \/>\n<span style=\"font-size: 12pt;\">32-500 Chrzan\u00f3w<\/span><br \/>\n<span style=\"font-size: 12pt;\">ul. Rynek 12<\/span><br \/>\n<span style=\"font-size: 12pt;\"><strong>tel.: 32\u00a0754-15-65<\/strong><\/span><br \/>\n<span style=\"font-size: 12pt;\">e-mail: biuro@chrzanowskaizba.pl<\/span><br \/>\n<span style=\"font-size: 12pt;\"><span style=\"font-size: 12pt;\"><a href=\"http:\/\/www.chrzanowskaizba.pl\/\"><strong>www.chrzanowskaizba.pl<\/strong><\/a><\/span><\/span><\/li>\n<li><span style=\"font-size: 12pt;\"><strong>Towarzystwo O\u015bwiatowe Ziemi Chrzanowskiej w Chrzanowie<\/strong><strong><br \/>\n32-500 Chrzan\u00f3w<br \/>\nGarncarska 30<br \/>\ntel.: 32 645-19-98<br \/>\n<\/strong>e-mail: tozch@tozch.edu.pl<\/span><br \/>\n<span style=\"font-size: 12pt;\"><a href=\"http:\/\/www.tozch.edu.pl\/\"><strong>www.tozch.edu.pl<\/strong><\/a><\/span><\/li>\n<\/ul>\n","protected":false},"excerpt":{"rendered":"<p>&nbsp; Nab\u00f3r dla Jednostek Samorz\u0105du Terytorialnego &nbsp; Projekt wsp\u00f3\u0142finansowany w ramach Europejskiego Funduszu Rozwoju Regionalnego. Celami<\/p>\n","protected":false},"author":2,"featured_media":0,"comment_status":"open","ping_status":"open","sticky":false,"template":"","format":"standard","meta":{"footnotes":""},"categories":[6],"tags":[],"class_list":["post-658","post","type-post","status-publish","format-standard","hentry","category-projekty-zrealizowane"],"_links":{"self":[{"href":"https:\/\/armz.pl\/index.php?rest_route=\/wp\/v2\/posts\/658","targetHints":{"allow":["GET"]}}],"collection":[{"href":"https:\/\/armz.pl\/index.php?rest_route=\/wp\/v2\/posts"}],"about":[{"href":"https:\/\/armz.pl\/index.php?rest_route=\/wp\/v2\/types\/post"}],"author":[{"embeddable":true,"href":"https:\/\/armz.pl\/index.php?rest_route=\/wp\/v2\/users\/2"}],"replies":[{"embeddable":true,"href":"https:\/\/armz.pl\/index.php?rest_route=%2Fwp%2Fv2%2Fcomments&post=658"}],"version-history":[{"count":7,"href":"https:\/\/armz.pl\/index.php?rest_route=\/wp\/v2\/posts\/658\/revisions"}],"predecessor-version":[{"id":3051,"href":"https:\/\/armz.pl\/index.php?rest_route=\/wp\/v2\/posts\/658\/revisions\/3051"}],"wp:attachment":[{"href":"https:\/\/armz.pl\/index.php?rest_route=%2Fwp%2Fv2%2Fmedia&parent=658"}],"wp:term":[{"taxonomy":"category","embeddable":true,"href":"https:\/\/armz.pl\/index.php?rest_route=%2Fwp%2Fv2%2Fcategories&post=658"},{"taxonomy":"post_tag","embeddable":true,"href":"https:\/\/armz.pl\/index.php?rest_route=%2Fwp%2Fv2%2Ftags&post=658"}],"curies":[{"name":"wp","href":"https:\/\/api.w.org\/{rel}","templated":true}]}}