{"id":3100,"date":"2024-04-18T06:49:17","date_gmt":"2024-04-18T06:49:17","guid":{"rendered":"https:\/\/armz.pl\/?p=3100"},"modified":"2025-01-13T14:20:16","modified_gmt":"2025-01-13T14:20:16","slug":"projekt-netbon-2","status":"publish","type":"post","link":"https:\/\/armz.pl\/?p=3100","title":{"rendered":"Projekt \u201eNetBon 2\u201d"},"content":{"rendered":"<p><a href=\"https:\/\/armz.pl\/wp-content\/uploads\/2024\/02\/PL-Pasek_FE-RGB-poziom.png\"><img loading=\"lazy\" decoding=\"async\" class=\"aligncenter size-large wp-image-2993\" src=\"https:\/\/armz.pl\/wp-content\/uploads\/2024\/02\/PL-Pasek_FE-RGB-poziom-1024x88.png\" alt=\"\" width=\"1024\" height=\"88\" srcset=\"https:\/\/armz.pl\/wp-content\/uploads\/2024\/02\/PL-Pasek_FE-RGB-poziom-1024x88.png 1024w, https:\/\/armz.pl\/wp-content\/uploads\/2024\/02\/PL-Pasek_FE-RGB-poziom-300x26.png 300w, https:\/\/armz.pl\/wp-content\/uploads\/2024\/02\/PL-Pasek_FE-RGB-poziom-768x66.png 768w, https:\/\/armz.pl\/wp-content\/uploads\/2024\/02\/PL-Pasek_FE-RGB-poziom-1536x132.png 1536w, https:\/\/armz.pl\/wp-content\/uploads\/2024\/02\/PL-Pasek_FE-RGB-poziom-2048x176.png 2048w, https:\/\/armz.pl\/wp-content\/uploads\/2024\/02\/PL-Pasek_FE-RGB-poziom-260x22.png 260w, https:\/\/armz.pl\/wp-content\/uploads\/2024\/02\/PL-Pasek_FE-RGB-poziom-50x4.png 50w, https:\/\/armz.pl\/wp-content\/uploads\/2024\/02\/PL-Pasek_FE-RGB-poziom-150x13.png 150w\" sizes=\"auto, (max-width: 1024px) 100vw, 1024px\" \/><\/a><\/p>\n<p>Projekt realizowany w ramach programu Fundusze Europejskie dla Ma\u0142opolski 2021 -2027, Priorytetu FEMP.06 Fundusze europejskie dla rynku pracy, edukacji i w\u0142\u0105czenia spo\u0142ecznego, Dzia\u0142ania FEMP.06.06 Rozw\u00f3j kompetencji kadr i adaptacja do zmian, dofinansowany z Europejskiego Funduszu Spo\u0142ecznego Plus.<\/p>\n<p><strong>Uczestnicy projektu:<\/strong><\/p>\n<p>Projekt skierowany jest do Przedsi\u0119biorc\u00f3w i Pracodawc\u00f3w oraz ich Pracownik\u00f3w (w tym os\u00f3b prowadz\u0105cych dzia\u0142alno\u015b\u0107 na w\u0142asny rachunek), z siedzib\u0105\/oddzia\u0142em, fili\u0105, delegatur\u0105 lub jednostk\u0105 organizacyjn\u0105 na terenie podregionu Ma\u0142opolski Zachodniej (powiaty olkuski, o\u015bwi\u0119cimski, wadowicki i chrzanowski).<\/p>\n<p>&nbsp;<\/p>\n<p>W projekcie mog\u0105 bra\u0107 udzia\u0142 osoby z niepe\u0142nosprawno\u015bciami, kt\u00f3re mog\u0105 zg\u0142osi\u0107 Beneficjentowi\/Partnerom dodatkowe potrzeby, umo\u017cliwiaj\u0105ce im udzia\u0142 w projekcie. W ramach dost\u0119pno\u015bci Beneficjent\/Partnerzy zapewniaj\u0105 mo\u017cliwo\u015b\u0107 skorzystania z nast\u0119puj\u0105cych usprawnie\u0144:<\/p>\n<ul>\n<li>biura projektu dostosowane do os\u00f3b z niepe\u0142nosprawno\u015bciami,<\/li>\n<li>mo\u017cliwo\u015b\u0107 uczestniczenia we wsparciu z udzia\u0142em psa asystuj\u0105cego,<\/li>\n<li>wsparcie asystenta,<\/li>\n<li>inne usprawnienia \u2013 w zale\u017cno\u015bci od potrzeb os\u00f3b zainteresowanych udzia\u0142em w projekcie.<\/li>\n<\/ul>\n<p>Potrzeby mo\u017cna zg\u0142asza\u0107 za po\u015brednictwem telefonu, maila, osobi\u015bcie.<\/p>\n<p>&nbsp;<\/p>\n<p>Informujemy, \u017ce w ramach dzia\u0142a\u0144 zakresu praw i wolno\u015bci okre\u015blonych w Karcie Praw Podstawowych Unii Europejskiej (dalej KPP) z dnia 26 pa\u017adziernika 2021 r. oraz Konwencji o prawach os\u00f3b niepe\u0142nosprawnych (dalej KPON), sporz\u0105dzonej w Nowym Jorku dnia 13 grudnia 2006 r. (Dz. U. z 2012 r. poz. 1169 z p\u00f3\u017an. zm.) Pa\u0144stwo mog\u0105 zg\u0142asza\u0107 podejrzenia o niezgodno\u015bci projektu lub poszczeg\u00f3lnych element\u00f3w zwi\u0105zanych z realizacj\u0105 projektu przez Beneficjenta\/Partnera z KPP i KPON na adres mailowy: <a href=\"mailto:KPP_KPON@umwm.malopolska.pl\">KPP_KPON@umwm.malopolska.pl<\/a>.<\/p>\n<p><strong>Oferowane formy wsparcia:<\/strong><\/p>\n<p>W ramach projektu podmioty mog\u0105 skorzysta\u0107 z us\u0142ug rozwojowych rozliczanych za pomoc\u0105 bon\u00f3w rozwojowych, kt\u00f3re dziel\u0105 si\u0119 na cztery kategorie us\u0142ug:<\/p>\n<ul>\n<li>us\u0142ugi szkoleniowe,<\/li>\n<li>us\u0142ugi indywidualnego szkolenia praktycznego w formule ucze\u0144-mistrz (pod warunkiem wprowadzenia takiej kategorii do Bazy Us\u0142ug Rozwojowych),<\/li>\n<li>us\u0142ugi o charakterze doradczym (doradztwo, mentoring, facylitacja, coaching),<\/li>\n<li>us\u0142ugi jednorazowe (egzamin).<\/li>\n<\/ul>\n<p><strong>Cel projektu:<\/strong><\/p>\n<p>Projekt \u201eNetBon 2\u201d zak\u0142ada rozw\u00f3j biznesu i przedsi\u0119biorczo\u015bci oraz kompetencji zawodowych. Celem projektu jest wsparcie 523 Przedsi\u0119biorc\u00f3w\/Przedsi\u0119biorstw z Ma\u0142opolski Zachodniej oraz ich 1569 pracownik\u00f3w (801 kobiet i 768 m\u0119\u017cczyzn) poprzez dofinansowanie koszt\u00f3w us\u0142ug rozwojowych w ramach Podmiotowego Systemu Finansowania (PSF) do 31.12.2026 r., zgodnie ze zg\u0142aszanym w tym zakresie zapotrzebowaniem ze strony Przedsi\u0119biorstw\/Pracodawc\u00f3w. Rezultatem projektu b\u0119dzie podniesienie kwalifikacji u 1256 (641 kobiet i 615 m\u0119\u017cczyzn) Przedsi\u0119biorstw\/Pracodawc\u00f3w.<\/p>\n<p><strong>Planowane rezultaty projektu:<\/strong><\/p>\n<ul>\n<li>liczba pracownik\u00f3w mikro-, ma\u0142ych i \u015brednich przedsi\u0119biorstw (w tym sp\u00f3\u0142dzielni i przedsi\u0119biorstw spo\u0142ecznych) obj\u0119tych us\u0142ug\u0105 rozwojow\u0105 \u2013 1349<\/li>\n<li>liczba mikro-, ma\u0142ych i \u015brednich przedsi\u0119biorstw (w tym sp\u00f3\u0142dzielni i przedsi\u0119biorstw spo\u0142ecznych) obj\u0119tych us\u0142ugami rozwojowymi \u2013 515<\/li>\n<li>liczba du\u017cych przedsi\u0119biorstw obj\u0119tych us\u0142ugami rozwojowymi \u2013 4<\/li>\n<li>liczba podmiot\u00f3w innych ni\u017c przedsi\u0119biorstwa obj\u0119tych us\u0142ugami rozwojowymi \u2013 4<\/li>\n<li>liczba pracownik\u00f3w du\u017cych przedsi\u0119biorstw obj\u0119tych us\u0142ug\u0105 rozwojow\u0105 \u2013 220<\/li>\n<\/ul>\n<p><strong>Czas realizacji projektu:\u00a0<\/strong>01.01.2024-31.12.2026<\/p>\n<p><strong>Ca\u0142kowita warto\u015b\u0107 projektu:\u00a0<\/strong>14\u00a0445 927,10\u00a0z\u0142<\/p>\n<p><strong>Wk\u0142ad z Funduszy Europejskich:\u00a0<\/strong>12\u00a0243 285,10\u00a0z\u0142<\/p>\n<p>Kontakt:<\/p>\n<p><strong>Lider projektu:<\/strong><\/p>\n<ul>\n<li><strong>Stowarzyszenie na Rzecz Szko\u0142y Zarz\u0105dzania i Handlu w O\u015bwi\u0119cimiu \u2013 Spo\u0142eczna Szko\u0142a Zarz\u0105dzania i Handlu (SZiH)<br \/>\n<\/strong>32-600 O\u015bwi\u0119cim<br \/>\nul. Stanis\u0142awy Leszczy\u0144skiej 7<br \/>\ne-mail: <a href=\"mailto:netbon2@szih.pl\">netbon2@szih.pl<\/a><br \/>\nBiuro czynne od poniedzia\u0142ku do pi\u0105tku w godzinach od 8:00 do 16:00<\/li>\n<\/ul>\n<p><strong>Partnerzy Projektu:<\/strong><\/p>\n<ul>\n<li><strong>Centrum Biznesu Ma\u0142opolski Zachodniej Sp. z o.o. (CBMZ)<br \/>\n<\/strong>32-600 O\u015bwi\u0119cim<br \/>\nul. Gospodarcza 24<br \/>\ne-mail: netbon@cbmz.pl<br \/>\ntel. 33\u00a0844 73 44<br \/>\nBiuro projektu otwarte od poniedzia\u0142ku do pi\u0105tku od 8:00 do 16:00<\/li>\n<li><strong>Agencja Rozwoju Ma\u0142opolski Zachodniej S.A.<br \/>\n<\/strong>32-500 Chrzan\u00f3w<br \/>\nul. Grunwaldzka 5<br \/>\ne-mail: netbon2@armz.pl<br \/>\ntel. 32\u00a0645 19 68 wew. 22 i 29<br \/>\nBiuro projektu otwarte w godzinach:<br \/>\nPoniedzia\u0142ek \u2013 Czwartek 7:00 \u2013 15:30<br \/>\nPi\u0105tek \u2013 7:00 \u2013 13:00<\/li>\n<\/ul>\n<p><strong><em>Szczeg\u00f3\u0142y oferty wraz z og\u0142oszeniami o naborach znajduj\u0105 si\u0119 na stronie:\u00a0<\/em><\/strong><a href=\"http:\/\/www.netbon.pl\" target=\"_blank\" rel=\"noopener\"><strong><em>www.netbon.pl<\/em><\/strong><\/a><\/p>\n<p>&nbsp;<\/p>\n<p><em><u>Informacje dla Us\u0142ugodawc\u00f3w dotycz\u0105ce realizacji projektu Netbon2<\/u><\/em><\/p>\n<p><em>Przedstawiamy Pa\u0144stwu prezentacj\u0119 dot. walidacji w Karcie Us\u0142ugi, kt\u00f3ra zosta\u0142a zaprezentowana 26.09.2024 na spotkaniu z przedstawicielami Instytucji Zarz\u0105dzaj\u0105cych oraz Operatorami Podmiotowego Systemu Finansowania, organizowanym przez Polsk\u0105 Agencj\u0119 Rozwoju Przedsi\u0119biorczo\u015bci. <\/em><\/p>\n<p><em>Zach\u0119camy <strong>Us\u0142ugodawc\u00f3w<\/strong> do zapoznania si\u0119 z informacjami na temat <strong>efekt\u00f3w uczenia si\u0119 i kryteri\u00f3w ich weryfikacji<\/strong> oraz dopasowania w\u0142a\u015bciwych <strong>metod walidacji<\/strong> do efekt\u00f3w uczenia si\u0119. Prosimy zwr\u00f3ci\u0107 uwag\u0119 na <strong>najcz\u0119stsze b\u0142\u0119dy<\/strong> oraz zalecamy <strong>dostosowa\u0107 Karty Us\u0142ug do ww. wskaz\u00f3wek.<\/strong><\/em><\/p>\n<p><a href=\"https:\/\/armz.pl\/wp-content\/uploads\/2024\/10\/2024-09-26-Szkolenie-dot.-walidacji_Katowice.pdf\">Prezentacja<\/a><\/p>\n<p>&nbsp;<\/p>\n","protected":false},"excerpt":{"rendered":"<p>Projekt realizowany w ramach programu Fundusze Europejskie dla Ma\u0142opolski 2021 -2027, Priorytetu FEMP.06 Fundusze europejskie dla<\/p>\n","protected":false},"author":3,"featured_media":0,"comment_status":"open","ping_status":"open","sticky":false,"template":"","format":"standard","meta":{"footnotes":""},"categories":[5],"tags":[],"class_list":["post-3100","post","type-post","status-publish","format-standard","hentry","category-projekty-obecnie-realizowane"],"_links":{"self":[{"href":"https:\/\/armz.pl\/index.php?rest_route=\/wp\/v2\/posts\/3100","targetHints":{"allow":["GET"]}}],"collection":[{"href":"https:\/\/armz.pl\/index.php?rest_route=\/wp\/v2\/posts"}],"about":[{"href":"https:\/\/armz.pl\/index.php?rest_route=\/wp\/v2\/types\/post"}],"author":[{"embeddable":true,"href":"https:\/\/armz.pl\/index.php?rest_route=\/wp\/v2\/users\/3"}],"replies":[{"embeddable":true,"href":"https:\/\/armz.pl\/index.php?rest_route=%2Fwp%2Fv2%2Fcomments&post=3100"}],"version-history":[{"count":6,"href":"https:\/\/armz.pl\/index.php?rest_route=\/wp\/v2\/posts\/3100\/revisions"}],"predecessor-version":[{"id":3496,"href":"https:\/\/armz.pl\/index.php?rest_route=\/wp\/v2\/posts\/3100\/revisions\/3496"}],"wp:attachment":[{"href":"https:\/\/armz.pl\/index.php?rest_route=%2Fwp%2Fv2%2Fmedia&parent=3100"}],"wp:term":[{"taxonomy":"category","embeddable":true,"href":"https:\/\/armz.pl\/index.php?rest_route=%2Fwp%2Fv2%2Fcategories&post=3100"},{"taxonomy":"post_tag","embeddable":true,"href":"https:\/\/armz.pl\/index.php?rest_route=%2Fwp%2Fv2%2Ftags&post=3100"}],"curies":[{"name":"wp","href":"https:\/\/api.w.org\/{rel}","templated":true}]}}