{"id":2375,"date":"2022-06-02T05:33:28","date_gmt":"2022-06-02T05:33:28","guid":{"rendered":"https:\/\/armz.pl\/?p=2375"},"modified":"2022-06-02T05:38:06","modified_gmt":"2022-06-02T05:38:06","slug":"zwyczajne-walne-zgromadzenie-akcjonariuszy","status":"publish","type":"post","link":"https:\/\/armz.pl\/?p=2375","title":{"rendered":"Zwo\u0142anie Zwyczajnego Walnego Zgromadzenia"},"content":{"rendered":"<h5>Dzia\u0142aj\u0105c na podstawie art. 402 \u00a7 3 Kodeksu Sp\u00f3\u0142ek Handlowych oraz \u00a7 13 ust. 2\u00a0Statutu Sp\u00f3\u0142ki, Zarz\u0105d Agencji Rozwoju Ma\u0142opolski Zachodniej S.A. z siedzib\u0105 w\u00a0Chrzanowie zwo\u0142uje na dzie\u0144\u00a0<strong>20 czerwca 2022 r. na godz. 10.00<\/strong>\u00a0Zwyczajne Walne Zgromadzenie Akcjonariuszy Sp\u00f3\u0142ki. Zwyczajne Walne Zgromadzenie odb\u0119dzie si\u0119 w\u00a0siedzibie Sp\u00f3\u0142ki w\u00a0Chrzanowie przy ul. Grunwaldzkiej 5.<\/h5>\n<p style=\"font-weight: 400;\"><strong><u>\u00a0<\/u><\/strong><\/p>\n<p style=\"font-weight: 400;\"><strong><u>Porz\u0105dek obrad Zwyczajnego Walnego Zgromadzenia Sp\u00f3\u0142ki Agencja Rozwoju Ma\u0142opolski Zachodniej S.A.:<\/u><\/strong><\/p>\n<p style=\"font-weight: 400;\"><strong>\u00a0<\/strong><\/p>\n<ol>\n<li style=\"font-weight: 400;\">Otwarcie Zwyczajnego Walnego Zgromadzenia.<\/li>\n<li style=\"font-weight: 400;\">Wyb\u00f3r Przewodnicz\u0105cego Walnego Zgromadzenia.<\/li>\n<li style=\"font-weight: 400;\">Stwierdzenie prawid\u0142owo\u015bci zwo\u0142ania Zgromadzenia i jego zdolno\u015bci do\u00a0podejmowania uchwa\u0142.<\/li>\n<li style=\"font-weight: 400;\">Odtajnienie g\u0142osowania w sprawie wyboru komisji skrutacyjnej.<\/li>\n<li style=\"font-weight: 400;\">Wyb\u00f3r komisji skrutacyjnej.<\/li>\n<li style=\"font-weight: 400;\">Przyj\u0119cie porz\u0105dku obrad.<\/li>\n<li style=\"font-weight: 400;\">Przedstawienie sprawozdania finansowego za rok obrotowy 2021.<\/li>\n<li style=\"font-weight: 400;\">Przedstawienie sprawozdania Zarz\u0105du z dzia\u0142alno\u015bci Sp\u00f3\u0142ki za rok 2021 oraz wniosku dotycz\u0105cego podzia\u0142u zysku.<\/li>\n<li style=\"font-weight: 400;\">Przedstawienie sprawozdania Rady Nadzorczej z oceny sprawozdania Zarz\u0105du z\u00a0dzia\u0142alno\u015bci Sp\u00f3\u0142ki oraz sprawozdania finansowego za rok obrotowy 2021, jak te\u017c wniosku Zarz\u0105du dotycz\u0105cego podzia\u0142u zysku netto za\u00a02021 rok.<\/li>\n<li style=\"font-weight: 400;\">Przedstawienie sprawozdania Rady Nadzorczej jako Organu Sp\u00f3\u0142ki za okres 2021r.<\/li>\n<li style=\"font-weight: 400;\">Podj\u0119cie uchwa\u0142y w sprawie zatwierdzenia sprawozdania finansowego za rok obrotowy 2021.<\/li>\n<li style=\"font-weight: 400;\">Podj\u0119cie uchwa\u0142y w sprawie zatwierdzenia sprawozdania Zarz\u0105du z\u00a0dzia\u0142alno\u015bci Sp\u00f3\u0142ki za rok obrotowy 2021.<\/li>\n<li style=\"font-weight: 400;\">Podj\u0119cie uchwa\u0142y w sprawie udzielenia cz\u0142onkowi Zarz\u0105du absolutorium z\u00a0wykonania obowi\u0105zk\u00f3w w roku obrotowym 2021.<\/li>\n<li style=\"font-weight: 400;\">Podj\u0119cie uchwa\u0142 w sprawie udzielenia cz\u0142onkom Rady Nadzorczej absolutorium z\u00a0wykonania obowi\u0105zk\u00f3w w roku obrotowym 2021.<\/li>\n<li style=\"font-weight: 400;\">Podj\u0119cie uchwa\u0142y w sprawie podzia\u0142u zysku netto za rok obrotowy 2021.<\/li>\n<li style=\"font-weight: 400;\">Ustalenie Cel\u00f3w Zarz\u0105dczych na rok 2022.<\/li>\n<li style=\"font-weight: 400;\">Wolne wnioski.<\/li>\n<li style=\"font-weight: 400;\">Zamkni\u0119cie Zgromadzenia.<\/li>\n<\/ol>\n","protected":false},"excerpt":{"rendered":"<p>Dzia\u0142aj\u0105c na podstawie art. 402 \u00a7 3 Kodeksu Sp\u00f3\u0142ek Handlowych oraz \u00a7 13 ust. 2\u00a0Statutu Sp\u00f3\u0142ki,<\/p>\n","protected":false},"author":1,"featured_media":0,"comment_status":"open","ping_status":"open","sticky":false,"template":"","format":"standard","meta":{"footnotes":""},"categories":[4],"tags":[],"class_list":["post-2375","post","type-post","status-publish","format-standard","hentry","category-informacje-dla-akcjonariuszy"],"_links":{"self":[{"href":"https:\/\/armz.pl\/index.php?rest_route=\/wp\/v2\/posts\/2375","targetHints":{"allow":["GET"]}}],"collection":[{"href":"https:\/\/armz.pl\/index.php?rest_route=\/wp\/v2\/posts"}],"about":[{"href":"https:\/\/armz.pl\/index.php?rest_route=\/wp\/v2\/types\/post"}],"author":[{"embeddable":true,"href":"https:\/\/armz.pl\/index.php?rest_route=\/wp\/v2\/users\/1"}],"replies":[{"embeddable":true,"href":"https:\/\/armz.pl\/index.php?rest_route=%2Fwp%2Fv2%2Fcomments&post=2375"}],"version-history":[{"count":2,"href":"https:\/\/armz.pl\/index.php?rest_route=\/wp\/v2\/posts\/2375\/revisions"}],"predecessor-version":[{"id":2377,"href":"https:\/\/armz.pl\/index.php?rest_route=\/wp\/v2\/posts\/2375\/revisions\/2377"}],"wp:attachment":[{"href":"https:\/\/armz.pl\/index.php?rest_route=%2Fwp%2Fv2%2Fmedia&parent=2375"}],"wp:term":[{"taxonomy":"category","embeddable":true,"href":"https:\/\/armz.pl\/index.php?rest_route=%2Fwp%2Fv2%2Fcategories&post=2375"},{"taxonomy":"post_tag","embeddable":true,"href":"https:\/\/armz.pl\/index.php?rest_route=%2Fwp%2Fv2%2Ftags&post=2375"}],"curies":[{"name":"wp","href":"https:\/\/api.w.org\/{rel}","templated":true}]}}